{"id":766,"date":"2024-12-19T17:33:41","date_gmt":"2024-12-19T17:33:41","guid":{"rendered":"https:\/\/wattearth.com\/?p=766"},"modified":"2024-12-23T04:08:00","modified_gmt":"2024-12-23T04:08:00","slug":"watts-news-bilan-previsionnel-du-rte-quel-avenir-energetique-pour-la-france","status":"publish","type":"post","link":"https:\/\/wattearth.com\/fr\/watts-news-bilan-previsionnel-du-rte-quel-avenir-energetique-pour-la-france\/","title":{"rendered":"WATT\u2019s News \u2013 Bilan pr\u00e9visionnel du RTE \u2013 Quel avenir \u00e9nerg\u00e9tique pour la France ?"},"content":{"rendered":"<p class=\"\">RTE, le gestionnaire du r\u00e9seau de transport d\u2019\u00e9lectricit\u00e9 en France, a r\u00e9cemment d\u00e9voil\u00e9 plusieurs sc\u00e9narios d\u00e9taillant les diff\u00e9rentes voies envisageables pour r\u00e9aliser la transition \u00e9nerg\u00e9tique dans le pays. L\u2019objectif principal de ces sc\u00e9narios est de se d\u00e9faire progressivement des \u00e9nergies fossiles en favorisant des mesures telles que l\u2019am\u00e9lioration de l\u2019efficacit\u00e9 \u00e9nerg\u00e9tique et l\u2019augmentation de la part des \u00e9nergies renouvelables. Chaque sc\u00e9nario envisage ces solutions dans des proportions variables, permettant ainsi de diversifier les approches et d\u2019optimiser les chances de r\u00e9ussite.<\/p>\n\n\n\n<p class=\"\">Les objectifs \u00e0 long terme, visant \u00e0 r\u00e9duire les \u00e9missions de gaz \u00e0 effet de serre et \u00e0 att\u00e9nuer les effets du changement climatique, sont confirm\u00e9s et renforc\u00e9s par les r\u00e9cents d\u00e9veloppements dans le domaine de l\u2019\u00e9nergie. Il est d\u00e9sormais largement admis que la transition hors des \u00e9nergies fossiles est une n\u00e9cessit\u00e9 pour pr\u00e9server l\u2019environnement et renforcer l\u2019ind\u00e9pendance \u00e9nerg\u00e9tique de la France.<\/p>\n\n\n\n<p class=\"\">Si les orientations \u00e0 long terme sont relativement claires, les d\u00e9fis actuels se concentrent davantage sur l\u2019urgence d\u2019acc\u00e9l\u00e9rer la transition \u00e9nerg\u00e9tique au cours de la prochaine d\u00e9cennie et sur les mesures \u00e0 prendre pour y parvenir. Dans ce sens, plusieurs textes sont actuellement vot\u00e9s et discut\u00e9s au Parlement. Les d\u00e9cisions politiques qui seront prises dans les mois \u00e0 venir auront un impact majeur sur les objectifs \u00e9nerg\u00e9tiques et climatiques de la France.<\/p>\n\n\n\n<p class=\"\">Dans ce contexte, RTE s\u2019appr\u00eate \u00e0 publier un Bilan pr\u00e9visionnel pluriannuel de l\u2019\u00e9quilibre entre l\u2019offre et la demande d\u2019\u00e9lectricit\u00e9 \u00e0 l\u2019\u00e9t\u00e9 2023. La publication vise \u00e0 fournir des informations actualis\u00e9es sur la situation et les enjeux actuels. Le rapport reposera sur une mod\u00e9lisation approfondie de l\u2019\u00e9volution de l\u2019offre et de la demande d\u2019\u00e9lectricit\u00e9, ainsi que sur des simulations du fonctionnement du syst\u00e8me \u00e9lectrique europ\u00e9en \u00e0 diff\u00e9rents horizons. Les r\u00e9sultats pr\u00e9sent\u00e9s fourniront des suggestions et des moyens d\u2019acc\u00e9l\u00e9rer la transformation du syst\u00e8me \u00e9lectrique, tout en am\u00e9liorant sa r\u00e9sistance aux crises.<\/p>\n\n\n\n<p class=\"\">Pour consulter ce Bilan, cliquez&nbsp;<a href=\"https:\/\/assets.rte-france.com\/prod\/public\/2023-03\/2023-03-01-bilan-previsionnel-2023-consultation-publique.pdf\" target=\"_blank\" rel=\"noreferrer noopener\">ici<\/a>.<\/p>","protected":false},"excerpt":{"rendered":"<p>RTE, le gestionnaire du r\u00e9seau de transport d\u2019\u00e9lectricit\u00e9 en France, a r\u00e9cemment d\u00e9voil\u00e9 plusieurs sc\u00e9narios d\u00e9taillant les diff\u00e9rentes voies envisageables pour r\u00e9aliser la transition \u00e9nerg\u00e9tique dans le pays. L\u2019objectif principal de ces sc\u00e9narios est de se d\u00e9faire progressivement des \u00e9nergies fossiles en favorisant des mesures telles que l\u2019am\u00e9lioration de l\u2019efficacit\u00e9 \u00e9nerg\u00e9tique et l\u2019augmentation de la [&hellip;]<\/p>","protected":false},"author":1,"featured_media":768,"comment_status":"open","ping_status":"open","sticky":false,"template":"","format":"standard","meta":{"footnotes":""},"categories":[12],"tags":[],"class_list":["post-766","post","type-post","status-publish","format-standard","has-post-thumbnail","hentry","category-press-review"],"yoast_head":"<!-- This site is optimized with the Yoast SEO plugin v24.5 - https:\/\/yoast.com\/wordpress\/plugins\/seo\/ -->\n<title>WATT\u2019s News \u2013 Bilan pr\u00e9visionnel du RTE \u2013 Quel avenir \u00e9nerg\u00e9tique pour la France ? - Watt Earth<\/title>\n<meta name=\"robots\" content=\"index, follow, max-snippet:-1, max-image-preview:large, max-video-preview:-1\" \/>\n<link rel=\"canonical\" href=\"https:\/\/wattearth.com\/fr\/watts-news-bilan-previsionnel-du-rte-quel-avenir-energetique-pour-la-france\/\" \/>\n<meta property=\"og:locale\" content=\"fr_FR\" \/>\n<meta property=\"og:type\" content=\"article\" \/>\n<meta property=\"og:title\" content=\"WATT\u2019s News \u2013 Bilan pr\u00e9visionnel du RTE \u2013 Quel avenir \u00e9nerg\u00e9tique pour la France ? - Watt Earth\" \/>\n<meta property=\"og:description\" content=\"RTE, le gestionnaire du r\u00e9seau de transport d\u2019\u00e9lectricit\u00e9 en France, a r\u00e9cemment d\u00e9voil\u00e9 plusieurs sc\u00e9narios d\u00e9taillant les diff\u00e9rentes voies envisageables pour r\u00e9aliser la transition \u00e9nerg\u00e9tique dans le pays. L\u2019objectif principal de ces sc\u00e9narios est de se d\u00e9faire progressivement des \u00e9nergies fossiles en favorisant des mesures telles que l\u2019am\u00e9lioration de l\u2019efficacit\u00e9 \u00e9nerg\u00e9tique et l\u2019augmentation de la [&hellip;]\" \/>\n<meta property=\"og:url\" content=\"https:\/\/wattearth.com\/fr\/watts-news-bilan-previsionnel-du-rte-quel-avenir-energetique-pour-la-france\/\" \/>\n<meta property=\"og:site_name\" content=\"Watt Earth\" \/>\n<meta property=\"article:publisher\" content=\"https:\/\/www.facebook.com\/WATT.Earth.energy\" \/>\n<meta property=\"article:published_time\" content=\"2024-12-19T17:33:41+00:00\" \/>\n<meta property=\"article:modified_time\" content=\"2024-12-23T04:08:00+00:00\" \/>\n<meta property=\"og:image\" content=\"https:\/\/wattearth.com\/wp-content\/uploads\/2024\/12\/WATTs-News-Bilan-previsionnel-du-RTE-Quel-avenir-energetique-pour-la-France-1.webp\" \/>\n\t<meta property=\"og:image:width\" content=\"1920\" \/>\n\t<meta property=\"og:image:height\" content=\"1080\" \/>\n\t<meta property=\"og:image:type\" content=\"image\/webp\" \/>\n<meta name=\"author\" content=\"Admin\" \/>\n<meta name=\"twitter:card\" content=\"summary_large_image\" \/>\n<meta name=\"twitter:label1\" content=\"\u00c9crit par\" \/>\n\t<meta name=\"twitter:data1\" content=\"Admin\" \/>\n\t<meta name=\"twitter:label2\" content=\"Dur\u00e9e de lecture estim\u00e9e\" \/>\n\t<meta name=\"twitter:data2\" content=\"2 minutes\" \/>\n<script type=\"application\/ld+json\" class=\"yoast-schema-graph\">{\"@context\":\"https:\/\/schema.org\",\"@graph\":[{\"@type\":\"Article\",\"@id\":\"https:\/\/wattearth.com\/fr\/watts-news-bilan-previsionnel-du-rte-quel-avenir-energetique-pour-la-france\/#article\",\"isPartOf\":{\"@id\":\"https:\/\/wattearth.com\/fr\/watts-news-bilan-previsionnel-du-rte-quel-avenir-energetique-pour-la-france\/\"},\"author\":{\"name\":\"Admin\",\"@id\":\"https:\/\/wattearth.com\/#\/schema\/person\/cd2b72a1e301fc8dabf44bb3a3fecb05\"},\"headline\":\"WATT\u2019s News \u2013 Bilan pr\u00e9visionnel du RTE \u2013 Quel avenir \u00e9nerg\u00e9tique pour la France ?\",\"datePublished\":\"2024-12-19T17:33:41+00:00\",\"dateModified\":\"2024-12-23T04:08:00+00:00\",\"mainEntityOfPage\":{\"@id\":\"https:\/\/wattearth.com\/fr\/watts-news-bilan-previsionnel-du-rte-quel-avenir-energetique-pour-la-france\/\"},\"wordCount\":382,\"commentCount\":0,\"publisher\":{\"@id\":\"https:\/\/wattearth.com\/#organization\"},\"image\":{\"@id\":\"https:\/\/wattearth.com\/fr\/watts-news-bilan-previsionnel-du-rte-quel-avenir-energetique-pour-la-france\/#primaryimage\"},\"thumbnailUrl\":\"https:\/\/wattearth.com\/wp-content\/uploads\/2024\/12\/WATTs-News-Bilan-previsionnel-du-RTE-Quel-avenir-energetique-pour-la-France-1.webp\",\"articleSection\":[\"Press review\"],\"inLanguage\":\"fr-FR\",\"potentialAction\":[{\"@type\":\"CommentAction\",\"name\":\"Comment\",\"target\":[\"https:\/\/wattearth.com\/fr\/watts-news-bilan-previsionnel-du-rte-quel-avenir-energetique-pour-la-france\/#respond\"]}]},{\"@type\":\"WebPage\",\"@id\":\"https:\/\/wattearth.com\/fr\/watts-news-bilan-previsionnel-du-rte-quel-avenir-energetique-pour-la-france\/\",\"url\":\"https:\/\/wattearth.com\/fr\/watts-news-bilan-previsionnel-du-rte-quel-avenir-energetique-pour-la-france\/\",\"name\":\"WATT\u2019s News \u2013 Bilan pr\u00e9visionnel du RTE \u2013 Quel avenir \u00e9nerg\u00e9tique pour la France ? - Watt Earth\",\"isPartOf\":{\"@id\":\"https:\/\/wattearth.com\/#website\"},\"primaryImageOfPage\":{\"@id\":\"https:\/\/wattearth.com\/fr\/watts-news-bilan-previsionnel-du-rte-quel-avenir-energetique-pour-la-france\/#primaryimage\"},\"image\":{\"@id\":\"https:\/\/wattearth.com\/fr\/watts-news-bilan-previsionnel-du-rte-quel-avenir-energetique-pour-la-france\/#primaryimage\"},\"thumbnailUrl\":\"https:\/\/wattearth.com\/wp-content\/uploads\/2024\/12\/WATTs-News-Bilan-previsionnel-du-RTE-Quel-avenir-energetique-pour-la-France-1.webp\",\"datePublished\":\"2024-12-19T17:33:41+00:00\",\"dateModified\":\"2024-12-23T04:08:00+00:00\",\"breadcrumb\":{\"@id\":\"https:\/\/wattearth.com\/fr\/watts-news-bilan-previsionnel-du-rte-quel-avenir-energetique-pour-la-france\/#breadcrumb\"},\"inLanguage\":\"fr-FR\",\"potentialAction\":[{\"@type\":\"ReadAction\",\"target\":[\"https:\/\/wattearth.com\/fr\/watts-news-bilan-previsionnel-du-rte-quel-avenir-energetique-pour-la-france\/\"]}]},{\"@type\":\"ImageObject\",\"inLanguage\":\"fr-FR\",\"@id\":\"https:\/\/wattearth.com\/fr\/watts-news-bilan-previsionnel-du-rte-quel-avenir-energetique-pour-la-france\/#primaryimage\",\"url\":\"https:\/\/wattearth.com\/wp-content\/uploads\/2024\/12\/WATTs-News-Bilan-previsionnel-du-RTE-Quel-avenir-energetique-pour-la-France-1.webp\",\"contentUrl\":\"https:\/\/wattearth.com\/wp-content\/uploads\/2024\/12\/WATTs-News-Bilan-previsionnel-du-RTE-Quel-avenir-energetique-pour-la-France-1.webp\",\"width\":1920,\"height\":1080},{\"@type\":\"BreadcrumbList\",\"@id\":\"https:\/\/wattearth.com\/fr\/watts-news-bilan-previsionnel-du-rte-quel-avenir-energetique-pour-la-france\/#breadcrumb\",\"itemListElement\":[{\"@type\":\"ListItem\",\"position\":1,\"name\":\"Home\",\"item\":\"https:\/\/wattearth.com\/\"},{\"@type\":\"ListItem\",\"position\":2,\"name\":\"WATT\u2019s News \u2013 Bilan pr\u00e9visionnel du RTE \u2013 Quel avenir \u00e9nerg\u00e9tique pour la France ?\"}]},{\"@type\":\"WebSite\",\"@id\":\"https:\/\/wattearth.com\/#website\",\"url\":\"https:\/\/wattearth.com\/\",\"name\":\"Watt Earth\",\"description\":\"Saving Energy\",\"publisher\":{\"@id\":\"https:\/\/wattearth.com\/#organization\"},\"potentialAction\":[{\"@type\":\"SearchAction\",\"target\":{\"@type\":\"EntryPoint\",\"urlTemplate\":\"https:\/\/wattearth.com\/?s={search_term_string}\"},\"query-input\":{\"@type\":\"PropertyValueSpecification\",\"valueRequired\":true,\"valueName\":\"search_term_string\"}}],\"inLanguage\":\"fr-FR\"},{\"@type\":\"Organization\",\"@id\":\"https:\/\/wattearth.com\/#organization\",\"name\":\"Watt Earth\",\"url\":\"https:\/\/wattearth.com\/\",\"logo\":{\"@type\":\"ImageObject\",\"inLanguage\":\"fr-FR\",\"@id\":\"https:\/\/wattearth.com\/#\/schema\/logo\/image\/\",\"url\":\"https:\/\/wattearth.com\/wp-content\/uploads\/2025\/01\/Watt-Earth.png\",\"contentUrl\":\"https:\/\/wattearth.com\/wp-content\/uploads\/2025\/01\/Watt-Earth.png\",\"width\":276,\"height\":172,\"caption\":\"Watt Earth\"},\"image\":{\"@id\":\"https:\/\/wattearth.com\/#\/schema\/logo\/image\/\"},\"sameAs\":[\"https:\/\/www.facebook.com\/WATT.Earth.energy\",\"https:\/\/www.linkedin.com\/company\/watt-earth-energy\/posts\"]},{\"@type\":\"Person\",\"@id\":\"https:\/\/wattearth.com\/#\/schema\/person\/cd2b72a1e301fc8dabf44bb3a3fecb05\",\"name\":\"Admin\",\"image\":{\"@type\":\"ImageObject\",\"inLanguage\":\"fr-FR\",\"@id\":\"https:\/\/wattearth.com\/#\/schema\/person\/image\/\",\"url\":\"https:\/\/secure.gravatar.com\/avatar\/7bb70137b87de245afe39d698791c5c350ea53d2e512d2bd3bf2be65d767de82?s=96&d=mm&r=g\",\"contentUrl\":\"https:\/\/secure.gravatar.com\/avatar\/7bb70137b87de245afe39d698791c5c350ea53d2e512d2bd3bf2be65d767de82?s=96&d=mm&r=g\",\"caption\":\"Admin\"},\"sameAs\":[\"https:\/\/wattearth.com\"],\"url\":\"https:\/\/wattearth.com\/fr\/author\/admin\/\"}]}<\/script>\n<!-- \/ Yoast SEO plugin. -->","yoast_head_json":{"title":"WATT\u2019s News \u2013 Bilan pr\u00e9visionnel du RTE \u2013 Quel avenir \u00e9nerg\u00e9tique pour la France ? - Watt Earth","robots":{"index":"index","follow":"follow","max-snippet":"max-snippet:-1","max-image-preview":"max-image-preview:large","max-video-preview":"max-video-preview:-1"},"canonical":"https:\/\/wattearth.com\/fr\/watts-news-bilan-previsionnel-du-rte-quel-avenir-energetique-pour-la-france\/","og_locale":"fr_FR","og_type":"article","og_title":"WATT\u2019s News \u2013 Bilan pr\u00e9visionnel du RTE \u2013 Quel avenir \u00e9nerg\u00e9tique pour la France ? - Watt Earth","og_description":"RTE, le gestionnaire du r\u00e9seau de transport d\u2019\u00e9lectricit\u00e9 en France, a r\u00e9cemment d\u00e9voil\u00e9 plusieurs sc\u00e9narios d\u00e9taillant les diff\u00e9rentes voies envisageables pour r\u00e9aliser la transition \u00e9nerg\u00e9tique dans le pays. L\u2019objectif principal de ces sc\u00e9narios est de se d\u00e9faire progressivement des \u00e9nergies fossiles en favorisant des mesures telles que l\u2019am\u00e9lioration de l\u2019efficacit\u00e9 \u00e9nerg\u00e9tique et l\u2019augmentation de la [&hellip;]","og_url":"https:\/\/wattearth.com\/fr\/watts-news-bilan-previsionnel-du-rte-quel-avenir-energetique-pour-la-france\/","og_site_name":"Watt Earth","article_publisher":"https:\/\/www.facebook.com\/WATT.Earth.energy","article_published_time":"2024-12-19T17:33:41+00:00","article_modified_time":"2024-12-23T04:08:00+00:00","og_image":[{"width":1920,"height":1080,"url":"https:\/\/wattearth.com\/wp-content\/uploads\/2024\/12\/WATTs-News-Bilan-previsionnel-du-RTE-Quel-avenir-energetique-pour-la-France-1.webp","type":"image\/webp"}],"author":"Admin","twitter_card":"summary_large_image","twitter_misc":{"\u00c9crit par":"Admin","Dur\u00e9e de lecture estim\u00e9e":"2 minutes"},"schema":{"@context":"https:\/\/schema.org","@graph":[{"@type":"Article","@id":"https:\/\/wattearth.com\/fr\/watts-news-bilan-previsionnel-du-rte-quel-avenir-energetique-pour-la-france\/#article","isPartOf":{"@id":"https:\/\/wattearth.com\/fr\/watts-news-bilan-previsionnel-du-rte-quel-avenir-energetique-pour-la-france\/"},"author":{"name":"Admin","@id":"https:\/\/wattearth.com\/#\/schema\/person\/cd2b72a1e301fc8dabf44bb3a3fecb05"},"headline":"WATT\u2019s News \u2013 Bilan pr\u00e9visionnel du RTE \u2013 Quel avenir \u00e9nerg\u00e9tique pour la France ?","datePublished":"2024-12-19T17:33:41+00:00","dateModified":"2024-12-23T04:08:00+00:00","mainEntityOfPage":{"@id":"https:\/\/wattearth.com\/fr\/watts-news-bilan-previsionnel-du-rte-quel-avenir-energetique-pour-la-france\/"},"wordCount":382,"commentCount":0,"publisher":{"@id":"https:\/\/wattearth.com\/#organization"},"image":{"@id":"https:\/\/wattearth.com\/fr\/watts-news-bilan-previsionnel-du-rte-quel-avenir-energetique-pour-la-france\/#primaryimage"},"thumbnailUrl":"https:\/\/wattearth.com\/wp-content\/uploads\/2024\/12\/WATTs-News-Bilan-previsionnel-du-RTE-Quel-avenir-energetique-pour-la-France-1.webp","articleSection":["Press review"],"inLanguage":"fr-FR","potentialAction":[{"@type":"CommentAction","name":"Comment","target":["https:\/\/wattearth.com\/fr\/watts-news-bilan-previsionnel-du-rte-quel-avenir-energetique-pour-la-france\/#respond"]}]},{"@type":"WebPage","@id":"https:\/\/wattearth.com\/fr\/watts-news-bilan-previsionnel-du-rte-quel-avenir-energetique-pour-la-france\/","url":"https:\/\/wattearth.com\/fr\/watts-news-bilan-previsionnel-du-rte-quel-avenir-energetique-pour-la-france\/","name":"WATT\u2019s News \u2013 Bilan pr\u00e9visionnel du RTE \u2013 Quel avenir \u00e9nerg\u00e9tique pour la France ? - Watt Earth","isPartOf":{"@id":"https:\/\/wattearth.com\/#website"},"primaryImageOfPage":{"@id":"https:\/\/wattearth.com\/fr\/watts-news-bilan-previsionnel-du-rte-quel-avenir-energetique-pour-la-france\/#primaryimage"},"image":{"@id":"https:\/\/wattearth.com\/fr\/watts-news-bilan-previsionnel-du-rte-quel-avenir-energetique-pour-la-france\/#primaryimage"},"thumbnailUrl":"https:\/\/wattearth.com\/wp-content\/uploads\/2024\/12\/WATTs-News-Bilan-previsionnel-du-RTE-Quel-avenir-energetique-pour-la-France-1.webp","datePublished":"2024-12-19T17:33:41+00:00","dateModified":"2024-12-23T04:08:00+00:00","breadcrumb":{"@id":"https:\/\/wattearth.com\/fr\/watts-news-bilan-previsionnel-du-rte-quel-avenir-energetique-pour-la-france\/#breadcrumb"},"inLanguage":"fr-FR","potentialAction":[{"@type":"ReadAction","target":["https:\/\/wattearth.com\/fr\/watts-news-bilan-previsionnel-du-rte-quel-avenir-energetique-pour-la-france\/"]}]},{"@type":"ImageObject","inLanguage":"fr-FR","@id":"https:\/\/wattearth.com\/fr\/watts-news-bilan-previsionnel-du-rte-quel-avenir-energetique-pour-la-france\/#primaryimage","url":"https:\/\/wattearth.com\/wp-content\/uploads\/2024\/12\/WATTs-News-Bilan-previsionnel-du-RTE-Quel-avenir-energetique-pour-la-France-1.webp","contentUrl":"https:\/\/wattearth.com\/wp-content\/uploads\/2024\/12\/WATTs-News-Bilan-previsionnel-du-RTE-Quel-avenir-energetique-pour-la-France-1.webp","width":1920,"height":1080},{"@type":"BreadcrumbList","@id":"https:\/\/wattearth.com\/fr\/watts-news-bilan-previsionnel-du-rte-quel-avenir-energetique-pour-la-france\/#breadcrumb","itemListElement":[{"@type":"ListItem","position":1,"name":"Home","item":"https:\/\/wattearth.com\/"},{"@type":"ListItem","position":2,"name":"WATT\u2019s News \u2013 Bilan pr\u00e9visionnel du RTE \u2013 Quel avenir \u00e9nerg\u00e9tique pour la France ?"}]},{"@type":"WebSite","@id":"https:\/\/wattearth.com\/#website","url":"https:\/\/wattearth.com\/","name":"Watt Earth","description":"Saving Energy","publisher":{"@id":"https:\/\/wattearth.com\/#organization"},"potentialAction":[{"@type":"SearchAction","target":{"@type":"EntryPoint","urlTemplate":"https:\/\/wattearth.com\/?s={search_term_string}"},"query-input":{"@type":"PropertyValueSpecification","valueRequired":true,"valueName":"search_term_string"}}],"inLanguage":"fr-FR"},{"@type":"Organization","@id":"https:\/\/wattearth.com\/#organization","name":"Watt Earth","url":"https:\/\/wattearth.com\/","logo":{"@type":"ImageObject","inLanguage":"fr-FR","@id":"https:\/\/wattearth.com\/#\/schema\/logo\/image\/","url":"https:\/\/wattearth.com\/wp-content\/uploads\/2025\/01\/Watt-Earth.png","contentUrl":"https:\/\/wattearth.com\/wp-content\/uploads\/2025\/01\/Watt-Earth.png","width":276,"height":172,"caption":"Watt Earth"},"image":{"@id":"https:\/\/wattearth.com\/#\/schema\/logo\/image\/"},"sameAs":["https:\/\/www.facebook.com\/WATT.Earth.energy","https:\/\/www.linkedin.com\/company\/watt-earth-energy\/posts"]},{"@type":"Person","@id":"https:\/\/wattearth.com\/#\/schema\/person\/cd2b72a1e301fc8dabf44bb3a3fecb05","name":"Admin","image":{"@type":"ImageObject","inLanguage":"fr-FR","@id":"https:\/\/wattearth.com\/#\/schema\/person\/image\/","url":"https:\/\/secure.gravatar.com\/avatar\/7bb70137b87de245afe39d698791c5c350ea53d2e512d2bd3bf2be65d767de82?s=96&d=mm&r=g","contentUrl":"https:\/\/secure.gravatar.com\/avatar\/7bb70137b87de245afe39d698791c5c350ea53d2e512d2bd3bf2be65d767de82?s=96&d=mm&r=g","caption":"Admin"},"sameAs":["https:\/\/wattearth.com"],"url":"https:\/\/wattearth.com\/fr\/author\/admin\/"}]}},"_links":{"self":[{"href":"https:\/\/wattearth.com\/fr\/wp-json\/wp\/v2\/posts\/766","targetHints":{"allow":["GET"]}}],"collection":[{"href":"https:\/\/wattearth.com\/fr\/wp-json\/wp\/v2\/posts"}],"about":[{"href":"https:\/\/wattearth.com\/fr\/wp-json\/wp\/v2\/types\/post"}],"author":[{"embeddable":true,"href":"https:\/\/wattearth.com\/fr\/wp-json\/wp\/v2\/users\/1"}],"replies":[{"embeddable":true,"href":"https:\/\/wattearth.com\/fr\/wp-json\/wp\/v2\/comments?post=766"}],"version-history":[{"count":0,"href":"https:\/\/wattearth.com\/fr\/wp-json\/wp\/v2\/posts\/766\/revisions"}],"wp:featuredmedia":[{"embeddable":true,"href":"https:\/\/wattearth.com\/fr\/wp-json\/wp\/v2\/media\/768"}],"wp:attachment":[{"href":"https:\/\/wattearth.com\/fr\/wp-json\/wp\/v2\/media?parent=766"}],"wp:term":[{"taxonomy":"category","embeddable":true,"href":"https:\/\/wattearth.com\/fr\/wp-json\/wp\/v2\/categories?post=766"},{"taxonomy":"post_tag","embeddable":true,"href":"https:\/\/wattearth.com\/fr\/wp-json\/wp\/v2\/tags?post=766"}],"curies":[{"name":"wp","href":"https:\/\/api.w.org\/{rel}","templated":true}]}}