{"id":1212,"date":"2024-12-22T08:40:30","date_gmt":"2024-12-22T08:40:30","guid":{"rendered":"https:\/\/wattearth.com\/?p=1212"},"modified":"2024-12-23T03:59:27","modified_gmt":"2024-12-23T03:59:27","slug":"watt-earth-participates-in-the-efrei-paris-round-tables","status":"publish","type":"post","link":"https:\/\/wattearth.com\/fr\/watt-earth-participates-in-the-efrei-paris-round-tables\/","title":{"rendered":"WATT Earth participates in the EFREI Paris round tables"},"content":{"rendered":"<p class=\"\">JNI#EFREI Paris Roundtable #Innovation #Energy #Industry #ecology #bigdata WATT Earth is participating in the EFREI Paris roundtables on March 3 to discuss &#8220;Innovation for sustainable development&#8221;. You can find me from 10:00 to 11:30 with Didier Leboulch VP Strategy and Telecom Solutions at Thales Alenia Space, Gilles Rabin Director of Innovation, Applications and Science at CNES and Gilles Vermot Desroches Director of Sustainable Development at Schneider Electric.<\/p>\n\n\n\n<p class=\"\">The JNI \u2013 Journ\u00e9es Nationales de l&#8217;Ing\u00e9nieur \u2013 will take place under the high patronage of President Emmanuel Macron from March 2 to 15 throughout France. Placed under the theme of sustainable development as part of #WED (World Engineering Day), these days will highlight innovation, industry and more generally the company engaged in major transformations linked to digital and environmental transitions. A great opportunity to exchange with students around the activities of the Les Manufactures F\u00e9vrier group #industry #energy #design #culture. The round tables are open to all. We look forward to seeing you there. Registration possible in the link in the comments.<\/p>","protected":false},"excerpt":{"rendered":"<p>JNI#EFREI Paris Roundtable #Innovation #Energy #Industry #ecology #bigdata WATT Earth is participating in the EFREI Paris roundtables on March 3 to discuss &#8220;Innovation for sustainable development&#8221;. You can find me from 10:00 to 11:30 with Didier Leboulch VP Strategy and Telecom Solutions at Thales Alenia Space, Gilles Rabin Director of Innovation, Applications and Science at [&hellip;]<\/p>","protected":false},"author":1,"featured_media":1214,"comment_status":"open","ping_status":"open","sticky":false,"template":"","format":"standard","meta":{"footnotes":""},"categories":[12],"tags":[],"class_list":["post-1212","post","type-post","status-publish","format-standard","has-post-thumbnail","hentry","category-press-review"],"yoast_head":"<!-- This site is optimized with the Yoast SEO plugin v24.5 - https:\/\/yoast.com\/wordpress\/plugins\/seo\/ -->\n<title>WATT Earth participates in the EFREI Paris round tables - Watt Earth<\/title>\n<meta name=\"robots\" content=\"index, follow, max-snippet:-1, max-image-preview:large, max-video-preview:-1\" \/>\n<link rel=\"canonical\" href=\"https:\/\/wattearth.com\/fr\/watt-earth-participates-in-the-efrei-paris-round-tables\/\" \/>\n<meta property=\"og:locale\" content=\"fr_FR\" \/>\n<meta property=\"og:type\" content=\"article\" \/>\n<meta property=\"og:title\" content=\"WATT Earth participates in the EFREI Paris round tables - Watt Earth\" \/>\n<meta property=\"og:description\" content=\"JNI#EFREI Paris Roundtable #Innovation #Energy #Industry #ecology #bigdata WATT Earth is participating in the EFREI Paris roundtables on March 3 to discuss &#8220;Innovation for sustainable development&#8221;. You can find me from 10:00 to 11:30 with Didier Leboulch VP Strategy and Telecom Solutions at Thales Alenia Space, Gilles Rabin Director of Innovation, Applications and Science at [&hellip;]\" \/>\n<meta property=\"og:url\" content=\"https:\/\/wattearth.com\/fr\/watt-earth-participates-in-the-efrei-paris-round-tables\/\" \/>\n<meta property=\"og:site_name\" content=\"Watt Earth\" \/>\n<meta property=\"article:publisher\" content=\"https:\/\/www.facebook.com\/WATT.Earth.energy\" \/>\n<meta property=\"article:published_time\" content=\"2024-12-22T08:40:30+00:00\" \/>\n<meta property=\"article:modified_time\" content=\"2024-12-23T03:59:27+00:00\" \/>\n<meta property=\"og:image\" content=\"https:\/\/wattearth.com\/wp-content\/uploads\/2024\/12\/journee-nationale-inge_affiche-862x1219-1.jpg\" \/>\n\t<meta property=\"og:image:width\" content=\"862\" \/>\n\t<meta property=\"og:image:height\" content=\"1219\" \/>\n\t<meta property=\"og:image:type\" content=\"image\/jpeg\" \/>\n<meta name=\"author\" content=\"Admin\" \/>\n<meta name=\"twitter:card\" content=\"summary_large_image\" \/>\n<meta name=\"twitter:label1\" content=\"\u00c9crit par\" \/>\n\t<meta name=\"twitter:data1\" content=\"Admin\" \/>\n\t<meta name=\"twitter:label2\" content=\"Dur\u00e9e de lecture estim\u00e9e\" \/>\n\t<meta name=\"twitter:data2\" content=\"1 minute\" \/>\n<script type=\"application\/ld+json\" class=\"yoast-schema-graph\">{\"@context\":\"https:\/\/schema.org\",\"@graph\":[{\"@type\":\"Article\",\"@id\":\"https:\/\/wattearth.com\/watt-earth-participates-in-the-efrei-paris-round-tables\/#article\",\"isPartOf\":{\"@id\":\"https:\/\/wattearth.com\/watt-earth-participates-in-the-efrei-paris-round-tables\/\"},\"author\":{\"name\":\"Admin\",\"@id\":\"https:\/\/wattearth.com\/#\/schema\/person\/cd2b72a1e301fc8dabf44bb3a3fecb05\"},\"headline\":\"WATT Earth participates in the EFREI Paris round tables\",\"datePublished\":\"2024-12-22T08:40:30+00:00\",\"dateModified\":\"2024-12-23T03:59:27+00:00\",\"mainEntityOfPage\":{\"@id\":\"https:\/\/wattearth.com\/watt-earth-participates-in-the-efrei-paris-round-tables\/\"},\"wordCount\":177,\"commentCount\":0,\"publisher\":{\"@id\":\"https:\/\/wattearth.com\/#organization\"},\"image\":{\"@id\":\"https:\/\/wattearth.com\/watt-earth-participates-in-the-efrei-paris-round-tables\/#primaryimage\"},\"thumbnailUrl\":\"https:\/\/wattearth.com\/wp-content\/uploads\/2024\/12\/journee-nationale-inge_affiche-862x1219-1.jpg\",\"articleSection\":[\"Press review\"],\"inLanguage\":\"fr-FR\",\"potentialAction\":[{\"@type\":\"CommentAction\",\"name\":\"Comment\",\"target\":[\"https:\/\/wattearth.com\/watt-earth-participates-in-the-efrei-paris-round-tables\/#respond\"]}]},{\"@type\":\"WebPage\",\"@id\":\"https:\/\/wattearth.com\/watt-earth-participates-in-the-efrei-paris-round-tables\/\",\"url\":\"https:\/\/wattearth.com\/watt-earth-participates-in-the-efrei-paris-round-tables\/\",\"name\":\"WATT Earth participates in the EFREI Paris round tables - Watt Earth\",\"isPartOf\":{\"@id\":\"https:\/\/wattearth.com\/#website\"},\"primaryImageOfPage\":{\"@id\":\"https:\/\/wattearth.com\/watt-earth-participates-in-the-efrei-paris-round-tables\/#primaryimage\"},\"image\":{\"@id\":\"https:\/\/wattearth.com\/watt-earth-participates-in-the-efrei-paris-round-tables\/#primaryimage\"},\"thumbnailUrl\":\"https:\/\/wattearth.com\/wp-content\/uploads\/2024\/12\/journee-nationale-inge_affiche-862x1219-1.jpg\",\"datePublished\":\"2024-12-22T08:40:30+00:00\",\"dateModified\":\"2024-12-23T03:59:27+00:00\",\"breadcrumb\":{\"@id\":\"https:\/\/wattearth.com\/watt-earth-participates-in-the-efrei-paris-round-tables\/#breadcrumb\"},\"inLanguage\":\"fr-FR\",\"potentialAction\":[{\"@type\":\"ReadAction\",\"target\":[\"https:\/\/wattearth.com\/watt-earth-participates-in-the-efrei-paris-round-tables\/\"]}]},{\"@type\":\"ImageObject\",\"inLanguage\":\"fr-FR\",\"@id\":\"https:\/\/wattearth.com\/watt-earth-participates-in-the-efrei-paris-round-tables\/#primaryimage\",\"url\":\"https:\/\/wattearth.com\/wp-content\/uploads\/2024\/12\/journee-nationale-inge_affiche-862x1219-1.jpg\",\"contentUrl\":\"https:\/\/wattearth.com\/wp-content\/uploads\/2024\/12\/journee-nationale-inge_affiche-862x1219-1.jpg\",\"width\":862,\"height\":1219},{\"@type\":\"BreadcrumbList\",\"@id\":\"https:\/\/wattearth.com\/watt-earth-participates-in-the-efrei-paris-round-tables\/#breadcrumb\",\"itemListElement\":[{\"@type\":\"ListItem\",\"position\":1,\"name\":\"Home\",\"item\":\"https:\/\/wattearth.com\/\"},{\"@type\":\"ListItem\",\"position\":2,\"name\":\"WATT Earth participates in the EFREI Paris round tables\"}]},{\"@type\":\"WebSite\",\"@id\":\"https:\/\/wattearth.com\/#website\",\"url\":\"https:\/\/wattearth.com\/\",\"name\":\"Watt Earth\",\"description\":\"Saving Energy\",\"publisher\":{\"@id\":\"https:\/\/wattearth.com\/#organization\"},\"potentialAction\":[{\"@type\":\"SearchAction\",\"target\":{\"@type\":\"EntryPoint\",\"urlTemplate\":\"https:\/\/wattearth.com\/?s={search_term_string}\"},\"query-input\":{\"@type\":\"PropertyValueSpecification\",\"valueRequired\":true,\"valueName\":\"search_term_string\"}}],\"inLanguage\":\"fr-FR\"},{\"@type\":\"Organization\",\"@id\":\"https:\/\/wattearth.com\/#organization\",\"name\":\"Watt Earth\",\"url\":\"https:\/\/wattearth.com\/\",\"logo\":{\"@type\":\"ImageObject\",\"inLanguage\":\"fr-FR\",\"@id\":\"https:\/\/wattearth.com\/#\/schema\/logo\/image\/\",\"url\":\"https:\/\/wattearth.com\/wp-content\/uploads\/2025\/01\/Watt-Earth.png\",\"contentUrl\":\"https:\/\/wattearth.com\/wp-content\/uploads\/2025\/01\/Watt-Earth.png\",\"width\":276,\"height\":172,\"caption\":\"Watt Earth\"},\"image\":{\"@id\":\"https:\/\/wattearth.com\/#\/schema\/logo\/image\/\"},\"sameAs\":[\"https:\/\/www.facebook.com\/WATT.Earth.energy\",\"https:\/\/www.linkedin.com\/company\/watt-earth-energy\/posts\"]},{\"@type\":\"Person\",\"@id\":\"https:\/\/wattearth.com\/#\/schema\/person\/cd2b72a1e301fc8dabf44bb3a3fecb05\",\"name\":\"Admin\",\"image\":{\"@type\":\"ImageObject\",\"inLanguage\":\"fr-FR\",\"@id\":\"https:\/\/wattearth.com\/#\/schema\/person\/image\/\",\"url\":\"https:\/\/secure.gravatar.com\/avatar\/7bb70137b87de245afe39d698791c5c350ea53d2e512d2bd3bf2be65d767de82?s=96&d=mm&r=g\",\"contentUrl\":\"https:\/\/secure.gravatar.com\/avatar\/7bb70137b87de245afe39d698791c5c350ea53d2e512d2bd3bf2be65d767de82?s=96&d=mm&r=g\",\"caption\":\"Admin\"},\"sameAs\":[\"https:\/\/wattearth.com\"],\"url\":\"https:\/\/wattearth.com\/fr\/author\/admin\/\"}]}<\/script>\n<!-- \/ Yoast SEO plugin. -->","yoast_head_json":{"title":"WATT Earth participates in the EFREI Paris round tables - Watt Earth","robots":{"index":"index","follow":"follow","max-snippet":"max-snippet:-1","max-image-preview":"max-image-preview:large","max-video-preview":"max-video-preview:-1"},"canonical":"https:\/\/wattearth.com\/fr\/watt-earth-participates-in-the-efrei-paris-round-tables\/","og_locale":"fr_FR","og_type":"article","og_title":"WATT Earth participates in the EFREI Paris round tables - Watt Earth","og_description":"JNI#EFREI Paris Roundtable #Innovation #Energy #Industry #ecology #bigdata WATT Earth is participating in the EFREI Paris roundtables on March 3 to discuss &#8220;Innovation for sustainable development&#8221;. You can find me from 10:00 to 11:30 with Didier Leboulch VP Strategy and Telecom Solutions at Thales Alenia Space, Gilles Rabin Director of Innovation, Applications and Science at [&hellip;]","og_url":"https:\/\/wattearth.com\/fr\/watt-earth-participates-in-the-efrei-paris-round-tables\/","og_site_name":"Watt Earth","article_publisher":"https:\/\/www.facebook.com\/WATT.Earth.energy","article_published_time":"2024-12-22T08:40:30+00:00","article_modified_time":"2024-12-23T03:59:27+00:00","og_image":[{"width":862,"height":1219,"url":"https:\/\/wattearth.com\/wp-content\/uploads\/2024\/12\/journee-nationale-inge_affiche-862x1219-1.jpg","type":"image\/jpeg"}],"author":"Admin","twitter_card":"summary_large_image","twitter_misc":{"\u00c9crit par":"Admin","Dur\u00e9e de lecture estim\u00e9e":"1 minute"},"schema":{"@context":"https:\/\/schema.org","@graph":[{"@type":"Article","@id":"https:\/\/wattearth.com\/watt-earth-participates-in-the-efrei-paris-round-tables\/#article","isPartOf":{"@id":"https:\/\/wattearth.com\/watt-earth-participates-in-the-efrei-paris-round-tables\/"},"author":{"name":"Admin","@id":"https:\/\/wattearth.com\/#\/schema\/person\/cd2b72a1e301fc8dabf44bb3a3fecb05"},"headline":"WATT Earth participates in the EFREI Paris round tables","datePublished":"2024-12-22T08:40:30+00:00","dateModified":"2024-12-23T03:59:27+00:00","mainEntityOfPage":{"@id":"https:\/\/wattearth.com\/watt-earth-participates-in-the-efrei-paris-round-tables\/"},"wordCount":177,"commentCount":0,"publisher":{"@id":"https:\/\/wattearth.com\/#organization"},"image":{"@id":"https:\/\/wattearth.com\/watt-earth-participates-in-the-efrei-paris-round-tables\/#primaryimage"},"thumbnailUrl":"https:\/\/wattearth.com\/wp-content\/uploads\/2024\/12\/journee-nationale-inge_affiche-862x1219-1.jpg","articleSection":["Press review"],"inLanguage":"fr-FR","potentialAction":[{"@type":"CommentAction","name":"Comment","target":["https:\/\/wattearth.com\/watt-earth-participates-in-the-efrei-paris-round-tables\/#respond"]}]},{"@type":"WebPage","@id":"https:\/\/wattearth.com\/watt-earth-participates-in-the-efrei-paris-round-tables\/","url":"https:\/\/wattearth.com\/watt-earth-participates-in-the-efrei-paris-round-tables\/","name":"WATT Earth participates in the EFREI Paris round tables - Watt Earth","isPartOf":{"@id":"https:\/\/wattearth.com\/#website"},"primaryImageOfPage":{"@id":"https:\/\/wattearth.com\/watt-earth-participates-in-the-efrei-paris-round-tables\/#primaryimage"},"image":{"@id":"https:\/\/wattearth.com\/watt-earth-participates-in-the-efrei-paris-round-tables\/#primaryimage"},"thumbnailUrl":"https:\/\/wattearth.com\/wp-content\/uploads\/2024\/12\/journee-nationale-inge_affiche-862x1219-1.jpg","datePublished":"2024-12-22T08:40:30+00:00","dateModified":"2024-12-23T03:59:27+00:00","breadcrumb":{"@id":"https:\/\/wattearth.com\/watt-earth-participates-in-the-efrei-paris-round-tables\/#breadcrumb"},"inLanguage":"fr-FR","potentialAction":[{"@type":"ReadAction","target":["https:\/\/wattearth.com\/watt-earth-participates-in-the-efrei-paris-round-tables\/"]}]},{"@type":"ImageObject","inLanguage":"fr-FR","@id":"https:\/\/wattearth.com\/watt-earth-participates-in-the-efrei-paris-round-tables\/#primaryimage","url":"https:\/\/wattearth.com\/wp-content\/uploads\/2024\/12\/journee-nationale-inge_affiche-862x1219-1.jpg","contentUrl":"https:\/\/wattearth.com\/wp-content\/uploads\/2024\/12\/journee-nationale-inge_affiche-862x1219-1.jpg","width":862,"height":1219},{"@type":"BreadcrumbList","@id":"https:\/\/wattearth.com\/watt-earth-participates-in-the-efrei-paris-round-tables\/#breadcrumb","itemListElement":[{"@type":"ListItem","position":1,"name":"Home","item":"https:\/\/wattearth.com\/"},{"@type":"ListItem","position":2,"name":"WATT Earth participates in the EFREI Paris round tables"}]},{"@type":"WebSite","@id":"https:\/\/wattearth.com\/#website","url":"https:\/\/wattearth.com\/","name":"Watt Earth","description":"Saving Energy","publisher":{"@id":"https:\/\/wattearth.com\/#organization"},"potentialAction":[{"@type":"SearchAction","target":{"@type":"EntryPoint","urlTemplate":"https:\/\/wattearth.com\/?s={search_term_string}"},"query-input":{"@type":"PropertyValueSpecification","valueRequired":true,"valueName":"search_term_string"}}],"inLanguage":"fr-FR"},{"@type":"Organization","@id":"https:\/\/wattearth.com\/#organization","name":"Watt Earth","url":"https:\/\/wattearth.com\/","logo":{"@type":"ImageObject","inLanguage":"fr-FR","@id":"https:\/\/wattearth.com\/#\/schema\/logo\/image\/","url":"https:\/\/wattearth.com\/wp-content\/uploads\/2025\/01\/Watt-Earth.png","contentUrl":"https:\/\/wattearth.com\/wp-content\/uploads\/2025\/01\/Watt-Earth.png","width":276,"height":172,"caption":"Watt Earth"},"image":{"@id":"https:\/\/wattearth.com\/#\/schema\/logo\/image\/"},"sameAs":["https:\/\/www.facebook.com\/WATT.Earth.energy","https:\/\/www.linkedin.com\/company\/watt-earth-energy\/posts"]},{"@type":"Person","@id":"https:\/\/wattearth.com\/#\/schema\/person\/cd2b72a1e301fc8dabf44bb3a3fecb05","name":"Admin","image":{"@type":"ImageObject","inLanguage":"fr-FR","@id":"https:\/\/wattearth.com\/#\/schema\/person\/image\/","url":"https:\/\/secure.gravatar.com\/avatar\/7bb70137b87de245afe39d698791c5c350ea53d2e512d2bd3bf2be65d767de82?s=96&d=mm&r=g","contentUrl":"https:\/\/secure.gravatar.com\/avatar\/7bb70137b87de245afe39d698791c5c350ea53d2e512d2bd3bf2be65d767de82?s=96&d=mm&r=g","caption":"Admin"},"sameAs":["https:\/\/wattearth.com"],"url":"https:\/\/wattearth.com\/fr\/author\/admin\/"}]}},"_links":{"self":[{"href":"https:\/\/wattearth.com\/fr\/wp-json\/wp\/v2\/posts\/1212","targetHints":{"allow":["GET"]}}],"collection":[{"href":"https:\/\/wattearth.com\/fr\/wp-json\/wp\/v2\/posts"}],"about":[{"href":"https:\/\/wattearth.com\/fr\/wp-json\/wp\/v2\/types\/post"}],"author":[{"embeddable":true,"href":"https:\/\/wattearth.com\/fr\/wp-json\/wp\/v2\/users\/1"}],"replies":[{"embeddable":true,"href":"https:\/\/wattearth.com\/fr\/wp-json\/wp\/v2\/comments?post=1212"}],"version-history":[{"count":0,"href":"https:\/\/wattearth.com\/fr\/wp-json\/wp\/v2\/posts\/1212\/revisions"}],"wp:featuredmedia":[{"embeddable":true,"href":"https:\/\/wattearth.com\/fr\/wp-json\/wp\/v2\/media\/1214"}],"wp:attachment":[{"href":"https:\/\/wattearth.com\/fr\/wp-json\/wp\/v2\/media?parent=1212"}],"wp:term":[{"taxonomy":"category","embeddable":true,"href":"https:\/\/wattearth.com\/fr\/wp-json\/wp\/v2\/categories?post=1212"},{"taxonomy":"post_tag","embeddable":true,"href":"https:\/\/wattearth.com\/fr\/wp-json\/wp\/v2\/tags?post=1212"}],"curies":[{"name":"wp","href":"https:\/\/api.w.org\/{rel}","templated":true}]}}